{"id":891,"date":"2018-07-11T12:22:31","date_gmt":"2018-07-11T12:22:31","guid":{"rendered":"http:\/\/www.tehceg.hr\/wp-2\/?p=891"},"modified":"2018-07-11T12:22:32","modified_gmt":"2018-07-11T12:22:32","slug":"rucica-za-balkonska-vrata","status":"publish","type":"post","link":"http:\/\/www.tehceg.hr\/wp-2\/blog\/2018\/07\/11\/rucica-za-balkonska-vrata\/","title":{"rendered":"RU\u010cICA ZA BALKONSKA VRATA"},"content":{"rendered":"<div id=\"pl-891\"  class=\"panel-layout\" ><div id=\"pg-891-0\"  class=\"panel-grid panel-no-style\" ><div id=\"pgc-891-0-0\"  class=\"panel-grid-cell\" ><div id=\"panel-891-0-0-0\" class=\"so-panel widget widget_sow-image panel-first-child panel-last-child\" data-index=\"0\" ><div\n\t\t\t\n\t\t\tclass=\"so-widget-sow-image so-widget-sow-image-default-c67d20f9f743-891\"\n\t\t\t\n\t\t>\n<div class=\"sow-image-container\">\n\t\t<img \n\tsrc=\"http:\/\/www.tehceg.hr\/wp-2\/wp-content\/uploads\/2018\/07\/1383-300x225.jpg\" width=\"300\" height=\"225\" srcset=\"http:\/\/www.tehceg.hr\/wp-2\/wp-content\/uploads\/2018\/07\/1383-300x225.jpg 300w, http:\/\/www.tehceg.hr\/wp-2\/wp-content\/uploads\/2018\/07\/1383-768x576.jpg 768w, http:\/\/www.tehceg.hr\/wp-2\/wp-content\/uploads\/2018\/07\/1383-1024x768.jpg 1024w\" sizes=\"(max-width: 300px) 100vw, 300px\" alt=\"\" \t\tclass=\"so-widget-image\"\/>\n\t<\/div>\n\n<\/div><\/div><\/div><div id=\"pgc-891-0-1\"  class=\"panel-grid-cell\" ><div id=\"panel-891-0-1-0\" class=\"so-panel widget widget_sow-editor panel-first-child panel-last-child\" data-index=\"1\" ><div\n\t\t\t\n\t\t\tclass=\"so-widget-sow-editor so-widget-sow-editor-base\"\n\t\t\t\n\t\t>\n<div class=\"siteorigin-widget-tinymce textwidget\">\n\t<p>RU\u010cICA ZA BALKONSKA VRATA<\/p>\n<p>BOJA MESINGA<\/p>\n<p>MONTA\u017dA S 2 VIJKA<\/p>\n<p>\u0161ifra: <strong>1383<\/strong><\/p>\n<\/div>\n<\/div><\/div><\/div><\/div><\/div>","protected":false},"excerpt":{"rendered":"<p>RU\u010cICA ZA BALKONSKA VRATA BOJA MESINGA MONTA\u017dA S 2 VIJKA \u0161ifra: 1383<\/p>\n","protected":false},"author":1,"featured_media":0,"comment_status":"closed","ping_status":"closed","sticky":false,"template":"","format":"standard","meta":{"footnotes":""},"categories":[24],"tags":[81,77,80,38],"class_list":["post-891","post","type-post","status-publish","format-standard","hentry","category-okovi","tag-balkon","tag-rucica","tag-rucica-za-balkonska","tag-vrata"],"_links":{"self":[{"href":"http:\/\/www.tehceg.hr\/wp-2\/wp-json\/wp\/v2\/posts\/891","targetHints":{"allow":["GET"]}}],"collection":[{"href":"http:\/\/www.tehceg.hr\/wp-2\/wp-json\/wp\/v2\/posts"}],"about":[{"href":"http:\/\/www.tehceg.hr\/wp-2\/wp-json\/wp\/v2\/types\/post"}],"author":[{"embeddable":true,"href":"http:\/\/www.tehceg.hr\/wp-2\/wp-json\/wp\/v2\/users\/1"}],"replies":[{"embeddable":true,"href":"http:\/\/www.tehceg.hr\/wp-2\/wp-json\/wp\/v2\/comments?post=891"}],"version-history":[{"count":2,"href":"http:\/\/www.tehceg.hr\/wp-2\/wp-json\/wp\/v2\/posts\/891\/revisions"}],"predecessor-version":[{"id":894,"href":"http:\/\/www.tehceg.hr\/wp-2\/wp-json\/wp\/v2\/posts\/891\/revisions\/894"}],"wp:attachment":[{"href":"http:\/\/www.tehceg.hr\/wp-2\/wp-json\/wp\/v2\/media?parent=891"}],"wp:term":[{"taxonomy":"category","embeddable":true,"href":"http:\/\/www.tehceg.hr\/wp-2\/wp-json\/wp\/v2\/categories?post=891"},{"taxonomy":"post_tag","embeddable":true,"href":"http:\/\/www.tehceg.hr\/wp-2\/wp-json\/wp\/v2\/tags?post=891"}],"curies":[{"name":"wp","href":"https:\/\/api.w.org\/{rel}","templated":true}]}}